{"id":1992,"date":"2026-03-15T21:17:55","date_gmt":"2026-03-15T21:17:55","guid":{"rendered":"https:\/\/avemariakc.com\/home\/?p=1992"},"modified":"2026-04-19T01:51:09","modified_gmt":"2026-04-19T01:51:09","slug":"2026-04-14-glvn-chua-nhat-ii-phuc-sinh-nam-a-second-sunday-of-easter-year-a-english-mass","status":"publish","type":"post","link":"https:\/\/avemariakc.com\/home\/?p=1992","title":{"rendered":"2026-04-19: GLVN \u2013 Ch\u00faa Nh\u1eadt III Ph\u1ee5c Sinh N\u0103m A \/ Third Sunday of Easter Year A \u2013 English Mass"},"content":{"rendered":"\n<p><strong>Entrance:<\/strong> God, We Praise You<br><strong>Responsorial Psalm 16<\/strong> \u2013 Third Sunday of Easter<br>Gospel Acclamation<br><strong>Offertory:<\/strong> Two Were Bound for Emmaus<br><strong>Communion:<\/strong> I am the Bread of Life<br><strong>Recessional:<\/strong> Jesus is Risen<br><strong><a href=\"https:\/\/avemariakc.com\/home\/wp-content\/uploads\/2026\/04\/BaiHat-CN3PSA-GLVN-English-2026-3.pdf\" data-type=\"link\" data-id=\"https:\/\/avemariakc.com\/home\/wp-content\/uploads\/2026\/03\/BaiHat-CN3PSA-GLVN-English-2026.pdf\" target=\"_blank\" rel=\"noreferrer noopener\">ALL SONGS IN 1 PDF FILE \/ T\u1ea4T C\u1ea2 B\u00c0I H\u00c1T TRONG 1 PDF<\/a> <br><\/strong><a href=\"https:\/\/avemariakc.com\/home\/wp-content\/uploads\/2025\/11\/Mas-of-Creation-for-CHOIR.pdf\" data-type=\"link\" data-id=\"https:\/\/avemariakc.com\/home\/wp-content\/uploads\/2025\/11\/Mas-of-Creation-for-CHOIR.pdf\" target=\"_blank\" rel=\"noreferrer noopener\"><strong>MASS OF CREATION \u2013 PDF<\/strong><\/a><\/p>\n\n\n\n<figure class=\"wp-block-embed is-type-video is-provider-youtube wp-block-embed-youtube wp-embed-aspect-4-3 wp-has-aspect-ratio\"><div class=\"wp-block-embed__wrapper\">\n<div class=\"nv-iframe-embed\"><iframe loading=\"lazy\" title=\"God, We Praise You\" width=\"1200\" height=\"900\" src=\"https:\/\/www.youtube.com\/embed\/FP4rvcLs37o?feature=oembed\" frameborder=\"0\" allow=\"accelerometer; autoplay; clipboard-write; encrypted-media; gyroscope; picture-in-picture; web-share\" referrerpolicy=\"strict-origin-when-cross-origin\" allowfullscreen><\/iframe><\/div>\n<\/div><\/figure>\n\n\n\n<figure class=\"wp-block-embed is-type-video is-provider-youtube wp-block-embed-youtube wp-embed-aspect-16-9 wp-has-aspect-ratio\"><div class=\"wp-block-embed__wrapper\">\n<div class=\"nv-iframe-embed\"><iframe loading=\"lazy\" title=\"R&amp;A Psalm Third Sunday of Easter 2023, Psalm 16\" width=\"1200\" height=\"675\" src=\"https:\/\/www.youtube.com\/embed\/t9btYDVWNE4?feature=oembed\" frameborder=\"0\" allow=\"accelerometer; autoplay; clipboard-write; encrypted-media; gyroscope; picture-in-picture; web-share\" referrerpolicy=\"strict-origin-when-cross-origin\" allowfullscreen><\/iframe><\/div>\n<\/div><\/figure>\n\n\n\n<figure class=\"wp-block-embed is-type-video is-provider-youtube wp-block-embed-youtube wp-embed-aspect-16-9 wp-has-aspect-ratio\"><div class=\"wp-block-embed__wrapper\">\n<div class=\"nv-iframe-embed\"><iframe loading=\"lazy\" title=\"Festival Alleluia by James Chepponis\" width=\"1200\" height=\"675\" src=\"https:\/\/www.youtube.com\/embed\/Dl6VEQIlfrY?feature=oembed\" frameborder=\"0\" allow=\"accelerometer; autoplay; clipboard-write; encrypted-media; gyroscope; picture-in-picture; web-share\" referrerpolicy=\"strict-origin-when-cross-origin\" allowfullscreen><\/iframe><\/div>\n<\/div><\/figure>\n\n\n\n<figure class=\"wp-block-embed is-type-video is-provider-youtube wp-block-embed-youtube wp-embed-aspect-16-9 wp-has-aspect-ratio\"><div class=\"wp-block-embed__wrapper\">\n<div class=\"nv-iframe-embed\"><iframe loading=\"lazy\" title=\"Two Were Bound for Emmaus | Catholic Hymn | Bob Hurd | Choir &amp; Piano w\/Lyrics | Sunday 7pm Choir\" width=\"1200\" height=\"675\" src=\"https:\/\/www.youtube.com\/embed\/v3bZKOHQ-8I?feature=oembed\" frameborder=\"0\" allow=\"accelerometer; autoplay; clipboard-write; encrypted-media; gyroscope; picture-in-picture; web-share\" referrerpolicy=\"strict-origin-when-cross-origin\" allowfullscreen><\/iframe><\/div>\n<\/div><\/figure>\n\n\n\n<figure class=\"wp-block-embed is-type-video is-provider-youtube wp-block-embed-youtube wp-embed-aspect-16-9 wp-has-aspect-ratio\"><div class=\"wp-block-embed__wrapper\">\n<div class=\"nv-iframe-embed\"><iframe loading=\"lazy\" title=\"I Am the Bread of Life | All 5 Verses with Lyrics &amp; Choir | Suzanne Toolan | Catholic Communion Hymn\" width=\"1200\" height=\"675\" src=\"https:\/\/www.youtube.com\/embed\/gADDeVUH4uc?feature=oembed\" frameborder=\"0\" allow=\"accelerometer; autoplay; clipboard-write; encrypted-media; gyroscope; picture-in-picture; web-share\" referrerpolicy=\"strict-origin-when-cross-origin\" allowfullscreen><\/iframe><\/div>\n<\/div><\/figure>\n\n\n\n<figure class=\"wp-block-embed is-type-video is-provider-youtube wp-block-embed-youtube wp-embed-aspect-16-9 wp-has-aspect-ratio\"><div class=\"wp-block-embed__wrapper\">\n<div class=\"nv-iframe-embed\"><iframe loading=\"lazy\" title=\"Jesus Is Risen | Easter Hymn | Divine Mercy | Catholic Choir &amp; Piano w\/Lyrics | Sunday 7pm Choir\" width=\"1200\" height=\"675\" src=\"https:\/\/www.youtube.com\/embed\/3Q5RqOjkEZo?feature=oembed\" frameborder=\"0\" allow=\"accelerometer; autoplay; clipboard-write; encrypted-media; gyroscope; picture-in-picture; web-share\" referrerpolicy=\"strict-origin-when-cross-origin\" allowfullscreen><\/iframe><\/div>\n<\/div><\/figure>\n\n\n\n<figure class=\"wp-block-embed is-type-video is-provider-youtube wp-block-embed-youtube wp-embed-aspect-16-9 wp-has-aspect-ratio\"><div class=\"wp-block-embed__wrapper\">\n<div class=\"nv-iframe-embed\"><iframe loading=\"lazy\" title=\"Mass of Creation w\/ Lyrics | Marty Haugen | Revised Order of Mass 2010 | Sunday 7pm Catholic Choir\" width=\"1200\" height=\"675\" src=\"https:\/\/www.youtube.com\/embed\/KINw95UY8Ag?feature=oembed\" frameborder=\"0\" allow=\"accelerometer; autoplay; clipboard-write; encrypted-media; gyroscope; picture-in-picture; web-share\" referrerpolicy=\"strict-origin-when-cross-origin\" allowfullscreen><\/iframe><\/div>\n<\/div><\/figure>\n","protected":false},"excerpt":{"rendered":"<p>Entrance: God, We Praise YouResponsorial Psalm 16 \u2013 Third Sunday of EasterGospel AcclamationOffertory: Two Were Bound for EmmausCommunion: I am the Bread of LifeRecessional: Jesus is RisenALL SONGS IN 1 PDF FILE \/ T\u1ea4T C\u1ea2 B\u00c0I H\u00c1T TRONG 1 PDF MASS OF CREATION \u2013 PDF<\/p>\n","protected":false},"author":1,"featured_media":0,"comment_status":"open","ping_status":"open","sticky":false,"template":"","format":"standard","meta":{"neve_meta_sidebar":"","neve_meta_container":"","neve_meta_enable_content_width":"","neve_meta_content_width":0,"neve_meta_title_alignment":"","neve_meta_author_avatar":"","neve_post_elements_order":"","neve_meta_disable_header":"","neve_meta_disable_footer":"","neve_meta_disable_title":"","footnotes":""},"categories":[9],"tags":[],"class_list":["post-1992","post","type-post","status-publish","format-standard","hentry","category-ca-doan-ane"],"featured_image_url":[],"post_author":"amadmin","assigned_categories":"Ca \u0110o\u00e0n An\u00ea","_links":{"self":[{"href":"https:\/\/avemariakc.com\/home\/index.php?rest_route=\/wp\/v2\/posts\/1992","targetHints":{"allow":["GET"]}}],"collection":[{"href":"https:\/\/avemariakc.com\/home\/index.php?rest_route=\/wp\/v2\/posts"}],"about":[{"href":"https:\/\/avemariakc.com\/home\/index.php?rest_route=\/wp\/v2\/types\/post"}],"author":[{"embeddable":true,"href":"https:\/\/avemariakc.com\/home\/index.php?rest_route=\/wp\/v2\/users\/1"}],"replies":[{"embeddable":true,"href":"https:\/\/avemariakc.com\/home\/index.php?rest_route=%2Fwp%2Fv2%2Fcomments&post=1992"}],"version-history":[{"count":12,"href":"https:\/\/avemariakc.com\/home\/index.php?rest_route=\/wp\/v2\/posts\/1992\/revisions"}],"predecessor-version":[{"id":2055,"href":"https:\/\/avemariakc.com\/home\/index.php?rest_route=\/wp\/v2\/posts\/1992\/revisions\/2055"}],"wp:attachment":[{"href":"https:\/\/avemariakc.com\/home\/index.php?rest_route=%2Fwp%2Fv2%2Fmedia&parent=1992"}],"wp:term":[{"taxonomy":"category","embeddable":true,"href":"https:\/\/avemariakc.com\/home\/index.php?rest_route=%2Fwp%2Fv2%2Fcategories&post=1992"},{"taxonomy":"post_tag","embeddable":true,"href":"https:\/\/avemariakc.com\/home\/index.php?rest_route=%2Fwp%2Fv2%2Ftags&post=1992"}],"curies":[{"name":"wp","href":"https:\/\/api.w.org\/{rel}","templated":true}]}}